{"id":8160,"date":"2017-10-29T18:11:03","date_gmt":"2017-10-29T17:11:03","guid":{"rendered":"http:\/\/164.90.193.213\/nesa-srl-al-world-meteorological-technology-expo-2017\/"},"modified":"2022-02-11T11:27:17","modified_gmt":"2022-02-11T10:27:17","slug":"nesa-srl-at-world-meteorological-technology-expo-2017","status":"publish","type":"post","link":"https:\/\/www.nesasrl.eu\/en\/nesa-srl-at-world-meteorological-technology-expo-2017\/","title":{"rendered":"Nesa srl at world Meteorological Technology Expo 2017"},"content":{"rendered":"\n<p>NESA SRL once again protagonist at the 2017 edition of the World Meteorological Technology Expo, held at the RAI in Amsterdam in October.<br>In this very important international event, the presence of NESA has been further strengthened, guaranteeing the acquisition of many important contacts at a global level, which have become part of the company&#8217;s customers area.<br>NESA presented a very important novelty that attracted the interest not only of potential customers but also of the most well-known competitors, its new product SFL: it represents the latest technological innovation in terms of acquiring sensor data and sending information directly to the network. It allows in an easy and immediate way to read the temperature, light intensity, humidity, CO2 or other parameters of environmental comfort.<\/p>\n\n\n\n<figure class=\"wp-block-image size-full\"><img loading=\"lazy\" width=\"960\" height=\"540\" src=\"https:\/\/www.nesasrl.eu\/wp-content\/uploads\/2017\/10\/news-amsterdam02.jpg\" alt=\"\" class=\"wp-image-3471\" srcset=\"https:\/\/www.nesasrl.eu\/wp-content\/uploads\/2017\/10\/news-amsterdam02.jpg 960w, https:\/\/www.nesasrl.eu\/wp-content\/uploads\/2017\/10\/news-amsterdam02-300x169.jpg 300w, https:\/\/www.nesasrl.eu\/wp-content\/uploads\/2017\/10\/news-amsterdam02-768x432.jpg 768w\" sizes=\"(max-width: 960px) 100vw, 960px\" \/><\/figure>\n\n\n\n<p>Through SFL it is therefore possible to connect both new and existing sensors, acquire the measurements and calculate the statistical values (eg average and maximum minimum) in certain intervals (eg every 15 &#8216;), sending these elaborations directly on the network, without any further wireless connections, or telephone sims or additional charges.<\/p>\n\n\n\n<p>SFL uses SigFox&#8217;s LPWan technology, thanks to which it is able to interface digital and analogue electrical signals to send them directly to the Internet (868MHz in Europe). It can acquire Pt100, thermopile (\u03bcV), voltages max. 0 \u00f7 2Vdc, currents 0 \u00f7 20mA, 4 \u00f7 20mA, digital signals (frequency or states \/ counts) or signals with ModBus, SDI12 or RS485 protocols. It is programmable by type and signal range, by number of periodic daily mailings or by variable frequency threshold. It has an integrated battery with autonomous up to 5 years.<\/p>\n\n\n\n<p>The ever-increasing need to make available IoT devices with &#8220;smart&#8221; management, always connected to networks like SigFox, LoRaWAN, IEEE 802.15.4, ZigBee, is a challenge that involves entire sections of the manufacturing industry, and will certainly bring benefits to all supranational organizations, MetOffices and any other institutional user who will be increasingly facilitated with the availability of reliable, up-to-date and remote-collected data that can reduce technical, infrastructure and maintenance costs.<\/p>\n\n\n\n<figure class=\"wp-block-image size-full is-resized\"><img loading=\"lazy\" src=\"https:\/\/www.nesasrl.eu\/wp-content\/uploads\/2017\/10\/news-amsterdam03.jpg\" alt=\"\" class=\"wp-image-3473\" width=\"974\" height=\"649\" srcset=\"https:\/\/www.nesasrl.eu\/wp-content\/uploads\/2017\/10\/news-amsterdam03.jpg 960w, https:\/\/www.nesasrl.eu\/wp-content\/uploads\/2017\/10\/news-amsterdam03-300x200.jpg 300w, https:\/\/www.nesasrl.eu\/wp-content\/uploads\/2017\/10\/news-amsterdam03-768x512.jpg 768w\" sizes=\"(max-width: 974px) 100vw, 974px\" \/><\/figure>\n\n\n\n<p>NESA has also obtained further confirmation that the new EVOLUTION datalogger, already available on the market, will mark a new turning point in the world of data acquisition systems based on &#8220;open&#8221; technologies and without proprietary software as well as royalties. These confirmations fully support the impressions gathered during the 2016 World Meteorological Technology Expo in Madrid, which can be listened to in the video published in the appropriate section of our website\u00a0<a href=\"https:\/\/www.nesasrl.eu\/en\/video.aspx\" target=\"_blank\" rel=\"noreferrer noopener\">https:\/\/www.nesasrl.eu\/en\/video.aspx<\/a><\/p>\n","protected":false},"excerpt":{"rendered":"<p>NESA SRL once again protagonist at the 2017 edition of the World Meteorological Technology Expo, held at the RAI in Amsterdam in October.In this very important international event, the presence of NESA has been further strengthened, guaranteeing the acquisition of many important contacts at a global level, which have become part of the company&#8217;s customers &hellip;<\/p>\n<p class=\"read-more\"> <a class=\"\" href=\"https:\/\/www.nesasrl.eu\/en\/nesa-srl-at-world-meteorological-technology-expo-2017\/\"> <span class=\"screen-reader-text\">Nesa srl at world Meteorological Technology Expo 2017<\/span> Read More &raquo;<\/a><\/p>\n","protected":false},"author":1,"featured_media":3469,"comment_status":"closed","ping_status":"open","sticky":false,"template":"","format":"standard","meta":{"site-sidebar-layout":"default","site-content-layout":"default","ast-global-header-display":"","ast-main-header-display":"","ast-hfb-above-header-display":"","ast-hfb-below-header-display":"","ast-hfb-mobile-header-display":"","site-post-title":"","ast-breadcrumbs-content":"","ast-featured-img":"","footer-sml-layout":"","theme-transparent-header-meta":"default","adv-header-id-meta":"","stick-header-meta":"","header-above-stick-meta":"","header-main-stick-meta":"","header-below-stick-meta":""},"categories":[21],"tags":[],"yoast_head":"<!-- This site is optimized with the Yoast SEO plugin v19.12 - https:\/\/yoast.com\/wordpress\/plugins\/seo\/ -->\n<title>Nesa srl at world Meteorological Technology Expo 2017 - Nesa<\/title>\n<meta name=\"robots\" content=\"index, follow, max-snippet:-1, max-image-preview:large, max-video-preview:-1\" \/>\n<link rel=\"canonical\" href=\"https:\/\/www.nesasrl.eu\/en\/nesa-srl-at-world-meteorological-technology-expo-2017\/\" \/>\n<meta property=\"og:locale\" content=\"en_US\" \/>\n<meta property=\"og:type\" content=\"article\" \/>\n<meta property=\"og:title\" content=\"Nesa srl at world Meteorological Technology Expo 2017 - Nesa\" \/>\n<meta property=\"og:description\" content=\"NESA SRL once again protagonist at the 2017 edition of the World Meteorological Technology Expo, held at the RAI in Amsterdam in October.In this very important international event, the presence of NESA has been further strengthened, guaranteeing the acquisition of many important contacts at a global level, which have become part of the company&#8217;s customers &hellip; Nesa srl at world Meteorological Technology Expo 2017 Read More &raquo;\" \/>\n<meta property=\"og:url\" content=\"https:\/\/www.nesasrl.eu\/en\/nesa-srl-at-world-meteorological-technology-expo-2017\/\" \/>\n<meta property=\"og:site_name\" content=\"Nesa\" \/>\n<meta property=\"article:publisher\" content=\"https:\/\/www.facebook.com\/nesasrl\" \/>\n<meta property=\"article:published_time\" content=\"2017-10-29T17:11:03+00:00\" \/>\n<meta property=\"article:modified_time\" content=\"2022-02-11T10:27:17+00:00\" \/>\n<meta property=\"og:image\" content=\"https:\/\/www.nesasrl.eu\/wp-content\/uploads\/2017\/10\/news-amsterdam01.jpg\" \/>\n\t<meta property=\"og:image:width\" content=\"960\" \/>\n\t<meta property=\"og:image:height\" content=\"720\" \/>\n\t<meta property=\"og:image:type\" content=\"image\/jpeg\" \/>\n<meta name=\"author\" content=\"moris\" \/>\n<meta name=\"twitter:card\" content=\"summary_large_image\" \/>\n<meta name=\"twitter:creator\" content=\"@moris\" \/>\n<meta name=\"twitter:label1\" content=\"Written by\" \/>\n\t<meta name=\"twitter:data1\" content=\"moris\" \/>\n\t<meta name=\"twitter:label2\" content=\"Est. reading time\" \/>\n\t<meta name=\"twitter:data2\" content=\"3 minutes\" \/>\n<script type=\"application\/ld+json\" class=\"yoast-schema-graph\">{\"@context\":\"https:\/\/schema.org\",\"@graph\":[{\"@type\":\"Article\",\"@id\":\"https:\/\/www.nesasrl.eu\/en\/nesa-srl-at-world-meteorological-technology-expo-2017\/#article\",\"isPartOf\":{\"@id\":\"https:\/\/www.nesasrl.eu\/en\/nesa-srl-at-world-meteorological-technology-expo-2017\/\"},\"author\":{\"name\":\"moris\",\"@id\":\"https:\/\/www.nesasrl.eu\/#\/schema\/person\/f04f829b25d9803bd3039afd4b37395a\"},\"headline\":\"Nesa srl at world Meteorological Technology Expo 2017\",\"datePublished\":\"2017-10-29T17:11:03+00:00\",\"dateModified\":\"2022-02-11T10:27:17+00:00\",\"mainEntityOfPage\":{\"@id\":\"https:\/\/www.nesasrl.eu\/en\/nesa-srl-at-world-meteorological-technology-expo-2017\/\"},\"wordCount\":410,\"publisher\":{\"@id\":\"https:\/\/www.nesasrl.eu\/#organization\"},\"inLanguage\":\"en-US\"},{\"@type\":\"WebPage\",\"@id\":\"https:\/\/www.nesasrl.eu\/en\/nesa-srl-at-world-meteorological-technology-expo-2017\/\",\"url\":\"https:\/\/www.nesasrl.eu\/en\/nesa-srl-at-world-meteorological-technology-expo-2017\/\",\"name\":\"Nesa srl at world Meteorological Technology Expo 2017 - Nesa\",\"isPartOf\":{\"@id\":\"https:\/\/www.nesasrl.eu\/#website\"},\"datePublished\":\"2017-10-29T17:11:03+00:00\",\"dateModified\":\"2022-02-11T10:27:17+00:00\",\"breadcrumb\":{\"@id\":\"https:\/\/www.nesasrl.eu\/en\/nesa-srl-at-world-meteorological-technology-expo-2017\/#breadcrumb\"},\"inLanguage\":\"en-US\",\"potentialAction\":[{\"@type\":\"ReadAction\",\"target\":[\"https:\/\/www.nesasrl.eu\/en\/nesa-srl-at-world-meteorological-technology-expo-2017\/\"]}]},{\"@type\":\"BreadcrumbList\",\"@id\":\"https:\/\/www.nesasrl.eu\/en\/nesa-srl-at-world-meteorological-technology-expo-2017\/#breadcrumb\",\"itemListElement\":[{\"@type\":\"ListItem\",\"position\":1,\"name\":\"Home\",\"item\":\"https:\/\/www.nesasrl.eu\/\"},{\"@type\":\"ListItem\",\"position\":2,\"name\":\"Nesa srl at world Meteorological Technology Expo 2017\"}]},{\"@type\":\"WebSite\",\"@id\":\"https:\/\/www.nesasrl.eu\/#website\",\"url\":\"https:\/\/www.nesasrl.eu\/\",\"name\":\"Nesa\",\"description\":\"Systems for environmental monitoring and remote control\",\"publisher\":{\"@id\":\"https:\/\/www.nesasrl.eu\/#organization\"},\"potentialAction\":[{\"@type\":\"SearchAction\",\"target\":{\"@type\":\"EntryPoint\",\"urlTemplate\":\"https:\/\/www.nesasrl.eu\/?s={search_term_string}\"},\"query-input\":\"required name=search_term_string\"}],\"inLanguage\":\"en-US\"},{\"@type\":\"Organization\",\"@id\":\"https:\/\/www.nesasrl.eu\/#organization\",\"name\":\"Nesa srl\",\"url\":\"https:\/\/www.nesasrl.eu\/\",\"logo\":{\"@type\":\"ImageObject\",\"inLanguage\":\"en-US\",\"@id\":\"https:\/\/www.nesasrl.eu\/#\/schema\/logo\/image\/\",\"url\":\"https:\/\/www.nesasrl.eu\/wp-content\/uploads\/2021\/11\/logo_nesa_R_250x55.svg\",\"contentUrl\":\"https:\/\/www.nesasrl.eu\/wp-content\/uploads\/2021\/11\/logo_nesa_R_250x55.svg\",\"width\":264,\"height\":55,\"caption\":\"Nesa srl\"},\"image\":{\"@id\":\"https:\/\/www.nesasrl.eu\/#\/schema\/logo\/image\/\"},\"sameAs\":[\"https:\/\/www.linkedin.com\/company\/nesa-srl\/\",\"https:\/\/www.facebook.com\/nesasrl\"]},{\"@type\":\"Person\",\"@id\":\"https:\/\/www.nesasrl.eu\/#\/schema\/person\/f04f829b25d9803bd3039afd4b37395a\",\"name\":\"moris\",\"image\":{\"@type\":\"ImageObject\",\"inLanguage\":\"en-US\",\"@id\":\"https:\/\/www.nesasrl.eu\/#\/schema\/person\/image\/\",\"url\":\"https:\/\/secure.gravatar.com\/avatar\/f9bcf02c40b41a22ec6ee6f6517447c1?s=96&d=mm&r=g\",\"contentUrl\":\"https:\/\/secure.gravatar.com\/avatar\/f9bcf02c40b41a22ec6ee6f6517447c1?s=96&d=mm&r=g\",\"caption\":\"moris\"},\"sameAs\":[\"https:\/\/www.nesasrl.eu\/\",\"https:\/\/twitter.com\/moris\"]}]}<\/script>\n<!-- \/ Yoast SEO plugin. -->","yoast_head_json":{"title":"Nesa srl at world Meteorological Technology Expo 2017 - Nesa","robots":{"index":"index","follow":"follow","max-snippet":"max-snippet:-1","max-image-preview":"max-image-preview:large","max-video-preview":"max-video-preview:-1"},"canonical":"https:\/\/www.nesasrl.eu\/en\/nesa-srl-at-world-meteorological-technology-expo-2017\/","og_locale":"en_US","og_type":"article","og_title":"Nesa srl at world Meteorological Technology Expo 2017 - Nesa","og_description":"NESA SRL once again protagonist at the 2017 edition of the World Meteorological Technology Expo, held at the RAI in Amsterdam in October.In this very important international event, the presence of NESA has been further strengthened, guaranteeing the acquisition of many important contacts at a global level, which have become part of the company&#8217;s customers &hellip; Nesa srl at world Meteorological Technology Expo 2017 Read More &raquo;","og_url":"https:\/\/www.nesasrl.eu\/en\/nesa-srl-at-world-meteorological-technology-expo-2017\/","og_site_name":"Nesa","article_publisher":"https:\/\/www.facebook.com\/nesasrl","article_published_time":"2017-10-29T17:11:03+00:00","article_modified_time":"2022-02-11T10:27:17+00:00","og_image":[{"width":960,"height":720,"url":"https:\/\/www.nesasrl.eu\/wp-content\/uploads\/2017\/10\/news-amsterdam01.jpg","type":"image\/jpeg"}],"author":"moris","twitter_card":"summary_large_image","twitter_creator":"@moris","twitter_misc":{"Written by":"moris","Est. reading time":"3 minutes"},"schema":{"@context":"https:\/\/schema.org","@graph":[{"@type":"Article","@id":"https:\/\/www.nesasrl.eu\/en\/nesa-srl-at-world-meteorological-technology-expo-2017\/#article","isPartOf":{"@id":"https:\/\/www.nesasrl.eu\/en\/nesa-srl-at-world-meteorological-technology-expo-2017\/"},"author":{"name":"moris","@id":"https:\/\/www.nesasrl.eu\/#\/schema\/person\/f04f829b25d9803bd3039afd4b37395a"},"headline":"Nesa srl at world Meteorological Technology Expo 2017","datePublished":"2017-10-29T17:11:03+00:00","dateModified":"2022-02-11T10:27:17+00:00","mainEntityOfPage":{"@id":"https:\/\/www.nesasrl.eu\/en\/nesa-srl-at-world-meteorological-technology-expo-2017\/"},"wordCount":410,"publisher":{"@id":"https:\/\/www.nesasrl.eu\/#organization"},"inLanguage":"en-US"},{"@type":"WebPage","@id":"https:\/\/www.nesasrl.eu\/en\/nesa-srl-at-world-meteorological-technology-expo-2017\/","url":"https:\/\/www.nesasrl.eu\/en\/nesa-srl-at-world-meteorological-technology-expo-2017\/","name":"Nesa srl at world Meteorological Technology Expo 2017 - Nesa","isPartOf":{"@id":"https:\/\/www.nesasrl.eu\/#website"},"datePublished":"2017-10-29T17:11:03+00:00","dateModified":"2022-02-11T10:27:17+00:00","breadcrumb":{"@id":"https:\/\/www.nesasrl.eu\/en\/nesa-srl-at-world-meteorological-technology-expo-2017\/#breadcrumb"},"inLanguage":"en-US","potentialAction":[{"@type":"ReadAction","target":["https:\/\/www.nesasrl.eu\/en\/nesa-srl-at-world-meteorological-technology-expo-2017\/"]}]},{"@type":"BreadcrumbList","@id":"https:\/\/www.nesasrl.eu\/en\/nesa-srl-at-world-meteorological-technology-expo-2017\/#breadcrumb","itemListElement":[{"@type":"ListItem","position":1,"name":"Home","item":"https:\/\/www.nesasrl.eu\/"},{"@type":"ListItem","position":2,"name":"Nesa srl at world Meteorological Technology Expo 2017"}]},{"@type":"WebSite","@id":"https:\/\/www.nesasrl.eu\/#website","url":"https:\/\/www.nesasrl.eu\/","name":"Nesa","description":"Systems for environmental monitoring and remote control","publisher":{"@id":"https:\/\/www.nesasrl.eu\/#organization"},"potentialAction":[{"@type":"SearchAction","target":{"@type":"EntryPoint","urlTemplate":"https:\/\/www.nesasrl.eu\/?s={search_term_string}"},"query-input":"required name=search_term_string"}],"inLanguage":"en-US"},{"@type":"Organization","@id":"https:\/\/www.nesasrl.eu\/#organization","name":"Nesa srl","url":"https:\/\/www.nesasrl.eu\/","logo":{"@type":"ImageObject","inLanguage":"en-US","@id":"https:\/\/www.nesasrl.eu\/#\/schema\/logo\/image\/","url":"https:\/\/www.nesasrl.eu\/wp-content\/uploads\/2021\/11\/logo_nesa_R_250x55.svg","contentUrl":"https:\/\/www.nesasrl.eu\/wp-content\/uploads\/2021\/11\/logo_nesa_R_250x55.svg","width":264,"height":55,"caption":"Nesa srl"},"image":{"@id":"https:\/\/www.nesasrl.eu\/#\/schema\/logo\/image\/"},"sameAs":["https:\/\/www.linkedin.com\/company\/nesa-srl\/","https:\/\/www.facebook.com\/nesasrl"]},{"@type":"Person","@id":"https:\/\/www.nesasrl.eu\/#\/schema\/person\/f04f829b25d9803bd3039afd4b37395a","name":"moris","image":{"@type":"ImageObject","inLanguage":"en-US","@id":"https:\/\/www.nesasrl.eu\/#\/schema\/person\/image\/","url":"https:\/\/secure.gravatar.com\/avatar\/f9bcf02c40b41a22ec6ee6f6517447c1?s=96&d=mm&r=g","contentUrl":"https:\/\/secure.gravatar.com\/avatar\/f9bcf02c40b41a22ec6ee6f6517447c1?s=96&d=mm&r=g","caption":"moris"},"sameAs":["https:\/\/www.nesasrl.eu\/","https:\/\/twitter.com\/moris"]}]}},"_links":{"self":[{"href":"https:\/\/www.nesasrl.eu\/en\/wp-json\/wp\/v2\/posts\/8160"}],"collection":[{"href":"https:\/\/www.nesasrl.eu\/en\/wp-json\/wp\/v2\/posts"}],"about":[{"href":"https:\/\/www.nesasrl.eu\/en\/wp-json\/wp\/v2\/types\/post"}],"author":[{"embeddable":true,"href":"https:\/\/www.nesasrl.eu\/en\/wp-json\/wp\/v2\/users\/1"}],"replies":[{"embeddable":true,"href":"https:\/\/www.nesasrl.eu\/en\/wp-json\/wp\/v2\/comments?post=8160"}],"version-history":[{"count":2,"href":"https:\/\/www.nesasrl.eu\/en\/wp-json\/wp\/v2\/posts\/8160\/revisions"}],"predecessor-version":[{"id":8169,"href":"https:\/\/www.nesasrl.eu\/en\/wp-json\/wp\/v2\/posts\/8160\/revisions\/8169"}],"wp:featuredmedia":[{"embeddable":true,"href":"https:\/\/www.nesasrl.eu\/en\/wp-json\/wp\/v2\/media\/3469"}],"wp:attachment":[{"href":"https:\/\/www.nesasrl.eu\/en\/wp-json\/wp\/v2\/media?parent=8160"}],"wp:term":[{"taxonomy":"category","embeddable":true,"href":"https:\/\/www.nesasrl.eu\/en\/wp-json\/wp\/v2\/categories?post=8160"},{"taxonomy":"post_tag","embeddable":true,"href":"https:\/\/www.nesasrl.eu\/en\/wp-json\/wp\/v2\/tags?post=8160"}],"curies":[{"name":"wp","href":"https:\/\/api.w.org\/{rel}","templated":true}]}}